{"id":25179,"date":"2022-02-28T19:01:53","date_gmt":"2022-02-28T18:01:53","guid":{"rendered":"https:\/\/www.m-stickers.com\/?p=25179"},"modified":"2022-02-28T19:02:06","modified_gmt":"2022-02-28T18:02:06","slug":"decalcomanie-cerchi-moto-bmw","status":"publish","type":"post","link":"https:\/\/www.m-stickers.com\/it\/2022\/02\/28\/stickers-jantes-moto-bmw\/","title":{"rendered":"Decalcomanie cerchi moto BMW: Trova i adesivi perfetti"},"content":{"rendered":"<p>Vuoi personalizzare la tua<strong> moto BMW<\/strong> Gli adesivi M-Stickers sono per te.<br \/>\nBMW propone numerosi stili di moto, dall'Adventure all'Heritage passando per i modelli Sportivi, ognuno con un design specifico. \u00c8 comodo avere la scelta tra adesivi con stili armonici.<br \/>\nI<strong> Decal per cerchi moto BMW M-Stickers<\/strong> sono personalizzabili al 100% e valorizzeranno i vostri modelli di moto BMW. \u270c\ufe0f\ud83c\udfcd\ufe0f<\/p>\n<p><!--more--><\/p>\n<p>Come scegliere il kit adesivi per cerchi e perch\u00e9 ne hai bisogno?<img fetchpriority=\"high\" decoding=\"async\" class=\"wp-image-25204 aligncenter\" src=\"https:\/\/www.m-stickers.com\/wp-content\/uploads\/2022\/02\/png-clipart-bmw-motorrad-car-logo-bmw-logo-emblem-trademark-removebg-preview.webp\" alt=\"\" width=\"374\" height=\"213\" srcset=\"https:\/\/www.m-stickers.com\/wp-content\/uploads\/2022\/02\/png-clipart-bmw-motorrad-car-logo-bmw-logo-emblem-trademark-removebg-preview.webp 662w, https:\/\/www.m-stickers.com\/wp-content\/uploads\/2022\/02\/png-clipart-bmw-motorrad-car-logo-bmw-logo-emblem-trademark-removebg-preview-600x342.webp 600w, https:\/\/www.m-stickers.com\/wp-content\/uploads\/2022\/02\/png-clipart-bmw-motorrad-car-logo-bmw-logo-emblem-trademark-removebg-preview-300x171.webp 300w\" sizes=\"(max-width: 374px) 100vw, 374px\" \/><\/p>\n<p>&nbsp;<\/p>\n<h2>Decal per cerchi moto BMW<\/h2>\n<p>Ti piacciono i classici? I kit adesivi per cerchi moto <strong>BMW<\/strong> Disponibili per modello.<br \/>\nQuesti kit sono preconfigurati e potrai cambiare i loro colori.<\/p>\n<p>Inclusi per le due cerchi:<\/p>\n<ul>\n<li>Degli <strong>Cerchi<\/strong> Pre-curvati di 8 mm con 8 adesivi BMW e 8 adesivi del modello<\/li>\n<li>4 <strong>Decal per cerchi<\/strong> BMW<\/li>\n<li>4 Decal adesivi cerchi modello,<\/li>\n<li>1 <strong>Logos<\/strong> BMW<\/li>\n<\/ul>\n<p>Si votre mod\u00e8le n\u2019est pas r\u00e9f\u00e9renc\u00e9, nous pouvons le cr\u00e9er sur demande <a href=\"https:\/\/www.m-stickers.com\/it\/product\/la-tua-moto-non-e-registrata\/\">ici\u00a0 \ud83d\udc48.<\/a><\/p>\n<p>\u00c8 comunque possibile andare oltre con il nostro configuratore grazie al quale potrai<strong> Personalizzare da A a Z<\/strong> ce kit et en changer tous les \u00e9l\u00e9ments.<\/p>\n<p><img decoding=\"async\" class=\"alignnone wp-image-25181\" src=\"https:\/\/www.m-stickers.com\/wp-content\/uploads\/2022\/02\/Capture-de\u0301cran-2022-02-28-a\u0300-09.39.38.webp\" alt=\"Decal MStickers moto\" width=\"658\" height=\"354\" srcset=\"https:\/\/www.m-stickers.com\/wp-content\/uploads\/2022\/02\/Capture-de\u0301cran-2022-02-28-a\u0300-09.39.38.webp 2072w, https:\/\/www.m-stickers.com\/wp-content\/uploads\/2022\/02\/Capture-de\u0301cran-2022-02-28-a\u0300-09.39.38-600x322.webp 600w, https:\/\/www.m-stickers.com\/wp-content\/uploads\/2022\/02\/Capture-de\u0301cran-2022-02-28-a\u0300-09.39.38-300x161.webp 300w, https:\/\/www.m-stickers.com\/wp-content\/uploads\/2022\/02\/Capture-de\u0301cran-2022-02-28-a\u0300-09.39.38-1024x550.webp 1024w, https:\/\/www.m-stickers.com\/wp-content\/uploads\/2022\/02\/Capture-de\u0301cran-2022-02-28-a\u0300-09.39.38-768x412.webp 768w, https:\/\/www.m-stickers.com\/wp-content\/uploads\/2022\/02\/Capture-de\u0301cran-2022-02-28-a\u0300-09.39.38-1536x824.webp 1536w, https:\/\/www.m-stickers.com\/wp-content\/uploads\/2022\/02\/Capture-de\u0301cran-2022-02-28-a\u0300-09.39.38-2048x1099.webp 2048w\" sizes=\"(max-width: 658px) 100vw, 658px\" \/><\/p>\n<h2>Decal 100% personalizzate<\/h2>\n<p><img decoding=\"async\" class=\"alignleft wp-image-25183 size-full\" src=\"https:\/\/www.m-stickers.com\/wp-content\/uploads\/2022\/02\/Capture_d_e\u0301cran_2022-02-28_a\u0300_09.40.06-removebg-preview.webp\" alt=\"Decal per cerchi moto BMW\" width=\"435\" height=\"573\" srcset=\"https:\/\/www.m-stickers.com\/wp-content\/uploads\/2022\/02\/Capture_d_e\u0301cran_2022-02-28_a\u0300_09.40.06-removebg-preview.webp 435w, https:\/\/www.m-stickers.com\/wp-content\/uploads\/2022\/02\/Capture_d_e\u0301cran_2022-02-28_a\u0300_09.40.06-removebg-preview-228x300.webp 228w\" sizes=\"(max-width: 435px) 100vw, 435px\" \/><\/p>\n<p>&nbsp;<\/p>\n<p>Personnaliser ses stickers est le bon moyen de se <strong>demarcare<\/strong> et d\u2019avoir la moto ultime.<\/p>\n<p>Il configuratore ti permette di creare un kit personalizzato selezionando gli elementi uno per uno.<br \/>\n\u00c8 possibile scegliere diversi design di cerchi e cambiarne il colore indipendentemente. \ud83d\ude01<\/p>\n<p>Plusieurs choix de liserets BMW sont disponibles et des logos d\u2019int\u00e9rieurs de jantes sont propos\u00e9s en plusieurs styles.<br \/>\nPour aller plus loin et avoir un style vraiment diff\u00e9rent, les \u00ab\u00a0stickers suppl\u00e9mentaires\u00a0\u00bb d\u2019int\u00e9rieur de jantes compl\u00e9teront votre kit et apporteront un esth\u00e9tique tout particulier. Vous trouvez des designs camo, futuriste, electro, racing\u2026<\/p>\n<p><a href=\"https:\/\/www.m-stickers.com\/it\/configuratore\/configurare\/7286\/\"><img loading=\"lazy\" decoding=\"async\" class=\"size-full wp-image-6380 aligncenter\" src=\"https:\/\/www.m-stickers.com\/wp-content\/uploads\/2021\/01\/bouton-configurator-3.png\" alt=\"\" width=\"413\" height=\"102\" srcset=\"https:\/\/www.m-stickers.com\/wp-content\/uploads\/2021\/01\/bouton-configurator-3.png 413w, https:\/\/www.m-stickers.com\/wp-content\/uploads\/2021\/01\/bouton-configurator-3-300x74.png 300w\" sizes=\"(max-width: 413px) 100vw, 413px\" \/><\/a><\/p>\n<p>&nbsp;<\/p>\n<p>&nbsp;<\/p>\n<p>&nbsp;<\/p>\n<p>&nbsp;<\/p>\n<p><img loading=\"lazy\" decoding=\"async\" class=\"alignnone wp-image-25182\" src=\"https:\/\/www.m-stickers.com\/wp-content\/uploads\/2022\/02\/Capture_d_e\u0301cran_2022-02-28_a\u0300_09.40.19-removebg-preview.webp\" alt=\"Decal BMW moto\" width=\"510\" height=\"348\" srcset=\"https:\/\/www.m-stickers.com\/wp-content\/uploads\/2022\/02\/Capture_d_e\u0301cran_2022-02-28_a\u0300_09.40.19-removebg-preview.webp 605w, https:\/\/www.m-stickers.com\/wp-content\/uploads\/2022\/02\/Capture_d_e\u0301cran_2022-02-28_a\u0300_09.40.19-removebg-preview-600x410.webp 600w, https:\/\/www.m-stickers.com\/wp-content\/uploads\/2022\/02\/Capture_d_e\u0301cran_2022-02-28_a\u0300_09.40.19-removebg-preview-300x205.webp 300w\" sizes=\"(max-width: 510px) 100vw, 510px\" \/><\/p>\n<h4>Gli effetti<\/h4>\n<p>Nos stickers sont con\u00e7us avec l\u2019effet <strong>brillante<\/strong>, cependant vous pouvez choisir une option suppl\u00e9mentaire pour le changer afin de s\u2019accorder au style d\u00e9sir\u00e9.<br \/>\nNous proposons les effets :<\/p>\n<ul>\n<li>Mastro<\/li>\n<li>Holographique (sur le blanc),<\/li>\n<li>Photoluminescent (sur le blanc),<\/li>\n<li>R\u00e9tror\u00e9flechissant (sur tout le kit),<\/li>\n<li>Fluorescent (<em> Jaune, Orange, Rouge, Rose et Vert )<\/em><\/li>\n<\/ul>\n<p>Ces effets ont leur rendu sp\u00e9cifique, l\u2019effet <strong>vernice<\/strong> est anti-reflet et est \u00e9l\u00e9gant, l\u2019effet <strong>Olografico<\/strong> apporte un style m\u00e9tallique, le <strong>fotoluminescenti<\/strong> absorbe la lumi\u00e8re et la restitue dans l\u2019obscurit\u00e9 durant 30 \u00e0 60 minutes en fonction de l\u2019exposition.<br \/>\nL'effetto <strong>riflettente<\/strong> ha lo stesso principio della segnaletica stradale e riflette la luce nella sua direzione, \u00e8 un effetto ideale per la notte per essere ben visibili e per una maggiore <strong>sicurezza<\/strong>. Plus d\u2019excuse de la part des automobiliste ! \ud83d\udc4c\ud83d\ude97<\/p>\n<p><img decoding=\"async\" src=\"https:\/\/media0.giphy.com\/media\/48P651WInEOpMu7mAT\/giphy.gif?cid=ecf05e476igvzrw8q0i6q5oq132v25qk5np0bx3a2uwxo7np&amp;rid=giphy.gif&amp;ct=g\" alt=\"Divertente uscita in moto GIF di BMW Motorrad\" \/><\/p>\n<p>&nbsp;<\/p>\n<h4>Changer le texte<\/h4>\n<p>Les kits personnalisables sont con\u00e7us tel que la marque de la moto ainsi que son mod\u00e8le soit \u00e9crit sur les stickers, cependant vous pouvez choisir l\u2019option texte qui permet de<strong> changer le contenu des stickers<\/strong>, ovvero che potrete sostituire \u00abBMW\u00bb o\/e il modello con il testo di vostra scelta.<br \/>\nPu\u00f2 essere un nome, un nome di squadra ecc.<\/p>\n<p><img loading=\"lazy\" decoding=\"async\" class=\"alignnone wp-image-25188\" src=\"https:\/\/www.m-stickers.com\/wp-content\/uploads\/2022\/02\/Capture-de\u0301cran-2022-02-28-a\u0300-11.43.08.webp\" alt=\"\" width=\"352\" height=\"207\" srcset=\"https:\/\/www.m-stickers.com\/wp-content\/uploads\/2022\/02\/Capture-de\u0301cran-2022-02-28-a\u0300-11.43.08.webp 520w, https:\/\/www.m-stickers.com\/wp-content\/uploads\/2022\/02\/Capture-de\u0301cran-2022-02-28-a\u0300-11.43.08-300x177.webp 300w\" sizes=\"(max-width: 352px) 100vw, 352px\" \/><\/p>\n<h4>Colore specifico<\/h4>\n<p>Nous vous proposons des couleurs de base, ce sont d\u2019ailleurs les couleurs \u00e0 s\u00e9lectionner pour l\u2019effet fluo.<br \/>\nTuttavia, se desidera un colore particolare, il colore di un equipaggiamento, della sua grafica o la tonalit\u00e0 esatta della carenatura della sua moto, pu\u00f2 inserire il codice colore nei commenti all'ordine dopo aver scelto l'opzione \u00ab\u00a0<strong>colore specifico<\/strong>\u00ab\u00a0.<\/p>\n<p>&nbsp;<\/p>\n<h2>Sur mesure<\/h2>\n<p>Si vous avez une id\u00e9e particuli\u00e8re et que les choix du configurateur ne vous correspondent pas, il est possible de concevoir ensemble le kit de stickers jantes moto BMW de vos r\u00eaves.<br \/>\n<a href=\"https:\/\/www.m-stickers.com\/it\/contatti\/\">Ecrivez nous<\/a> et d\u00e9crivez ce que vous voulez, vous pouvez ajouter des images ou des photos si vous avez des r\u00e9f\u00e9rences d\u2019id\u00e9es.<\/p>\n<p>La <strong>Personalizzazione su misura<\/strong> vous garanti d\u2019avoir un kit unique.<br \/>\nNous pouvons aussi cr\u00e9er un kit d\u00e9co complet si vous souhaitez changer totalement le style de votre b\u00e9cane.<\/p>\n<h2>Stickers de jantes moto bmw \u2013 Les r\u00e9seaux sociaux<\/h2>\n<p>Les stickers de r\u00e9seaux sociaux sont disponibles sur notre site et personnalisables.<\/p>\n<ul>\n<li>Dimensione<\/li>\n<li>Couleur,<\/li>\n<li>Progettazione del logo<\/li>\n<li>Police,<\/li>\n<li>Please provide the French text.<\/li>\n<\/ul>\n<p>Perfetto per gli appassionati <strong>da Instagram<\/strong>...Le <strong>Decal di social network<\/strong> Possono fare pubblicit\u00e0 e procurarti iscritti o essere ritrovati online dopo eventi motociclistici, ad esempio.<br \/>\nPuoi anche applicarli ad altri supporti come il tuo materiale per stand o la tua auto.<\/p>\n<p>Oltre ai social network come Instagram, TikTok...Offriamo gli adesivi <strong>YouTube<\/strong> per promuovere il tuo canale.<\/p>\n<p><img loading=\"lazy\" decoding=\"async\" class=\"alignnone wp-image-19038\" src=\"https:\/\/www.m-stickers.com\/wp-content\/uploads\/2021\/10\/Facebook.webp\" alt=\"\" width=\"257\" height=\"171\" srcset=\"https:\/\/www.m-stickers.com\/wp-content\/uploads\/2021\/10\/Facebook.webp 600w, https:\/\/www.m-stickers.com\/wp-content\/uploads\/2021\/10\/Facebook-300x200.webp 300w\" sizes=\"(max-width: 257px) 100vw, 257px\" \/><img loading=\"lazy\" decoding=\"async\" class=\"alignnone wp-image-16377\" src=\"https:\/\/www.m-stickers.com\/wp-content\/uploads\/2021\/07\/insta.webp\" alt=\"\" width=\"266\" height=\"177\" srcset=\"https:\/\/www.m-stickers.com\/wp-content\/uploads\/2021\/07\/insta.webp 600w, https:\/\/www.m-stickers.com\/wp-content\/uploads\/2021\/07\/insta-300x200.webp 300w\" sizes=\"(max-width: 266px) 100vw, 266px\" \/><img loading=\"lazy\" decoding=\"async\" class=\"alignnone wp-image-19056\" src=\"https:\/\/www.m-stickers.com\/wp-content\/uploads\/2021\/10\/Youtube.webp\" alt=\"\" width=\"270\" height=\"180\" srcset=\"https:\/\/www.m-stickers.com\/wp-content\/uploads\/2021\/10\/Youtube.webp 600w, https:\/\/www.m-stickers.com\/wp-content\/uploads\/2021\/10\/Youtube-300x200.webp 300w\" sizes=\"(max-width: 270px) 100vw, 270px\" \/><\/p>\n<h2>Come applicare gli adesivi per cerchi moto BMW?<\/h2>\n<p>Per <strong>applicare<\/strong> Gli adesivi per cerchi che abbiamo preparato <strong>tutoriali<\/strong>Nulla magia o complicazioni, basta un po' di pazienza.<br \/>\nPuoi guardare la nostra <a href=\"https:\/\/www.youtube.com\/watch?v=1AJhkFaZIsk&amp;feature=emb_title\">video YouTube<\/a> oppure leggere il nostro <a href=\"https:\/\/www.m-stickers.com\/it\/guida-su-come-applicare-gli-adesivi-per-cerchi-moto\/\">Articolo illustrato<\/a>Questi vi aiuteranno nelle fasi.<br \/>\nGli articoli specificano l'<strong>Fondamentale importanza della pulizia<\/strong> del cerchione prima dell'applicazione. Infatti, l'adesione della colla al supporto \u00e8 influenzata dalla pulizia del cerchione.<\/p>\n<p><a href=\"https:\/\/www.m-stickers.com\/it\/guida-su-come-applicare-gli-adesivi-per-cerchi-moto\/\"><img loading=\"lazy\" decoding=\"async\" class=\"wp-image-6382 aligncenter\" src=\"https:\/\/www.m-stickers.com\/wp-content\/uploads\/2021\/01\/bouton-tuto.png\" alt=\"\" width=\"333\" height=\"83\" srcset=\"https:\/\/www.m-stickers.com\/wp-content\/uploads\/2021\/01\/bouton-tuto.png 413w, https:\/\/www.m-stickers.com\/wp-content\/uploads\/2021\/01\/bouton-tuto-300x74.png 300w\" sizes=\"(max-width: 333px) 100vw, 333px\" \/><\/a><br \/>\nSe siete appassionati di fai da te, sapete che non si deve incollare o dipingere nulla senza preparare il supporto; la stessa regola vale per i adesivi per cerchi.<\/p>\n<p>Occorrer\u00e0 del materiale standard per la preparazione, sgrassante, panno, <a href=\"https:\/\/www.m-stickers.com\/it\/product\/the-most-accurate-translation-of-raclette-de-pose-in-italian-depends-on-the-context-raclette-typically-refers-to-a-type-of-cheese-and-de-pose-relates-to-placement-or-positioning-without-mor\/\">Raclette<\/a>, forbici, nastro adesivo e una pistola termica o un asciugacapelli.<br \/>\nDopo l'applicazione, puoi dedicare un po' di tempo alle finiture riscaldando gli adesivi e grattandoli, questo aiuta a rimuovere le bolle o le pieghe.<\/p>\n<h2>Perch\u00e9 gli adesivi per cerchi moto BMW possono aiutarmi a vendere la mia moto?<\/h2>\n<p>Gli adesivi per cerchi contribuiscono ad esaltare lo stile delle motociclette o a modernizzare e dare un tocco di novit\u00e0 a un modello pi\u00f9 vecchio.<br \/>\nQuesto aiuta a vendere la tua moto. Perch\u00e9? Semplicemente perch\u00e9 le fanno risaltare. Puoi usare una foto delle tue ruote per attirare l'attenzione e ottenere pi\u00f9 clic sul tuo annuncio.<br \/>\nPi\u00f9 traffico genera una vendita pi\u00f9 rapida.<\/p>\n<p>A seconda del modello, avrete sicuramente notato un'abbondanza di offerte sul mercato, quindi \u00e8 importante avere una moto originale.<br \/>\nI kit adesivi per cerchi aumentano le vendite.<\/p>\n<p><img loading=\"lazy\" decoding=\"async\" class=\"alignnone wp-image-25185\" src=\"https:\/\/www.m-stickers.com\/wp-content\/uploads\/2022\/02\/Capture_d_e\u0301cran_2022-02-28_a\u0300_09.43.28-removebg-preview.webp\" alt=\"Decal personalizzate cerchi moto BMW\" width=\"338\" height=\"377\" srcset=\"https:\/\/www.m-stickers.com\/wp-content\/uploads\/2022\/02\/Capture_d_e\u0301cran_2022-02-28_a\u0300_09.43.28-removebg-preview.webp 473w, https:\/\/www.m-stickers.com\/wp-content\/uploads\/2022\/02\/Capture_d_e\u0301cran_2022-02-28_a\u0300_09.43.28-removebg-preview-269x300.webp 269w\" sizes=\"(max-width: 338px) 100vw, 338px\" \/><\/p>\n<p>&nbsp;<\/p>\n<h2>Decal adesivi cerchi moto BMW<\/h2>\n<p>I nostri kit adesivi preconfigurati ti offrono un punto di partenza per la personalizzazione; puoi anche dare un'occhiata agli adesivi sulle moto dei clienti che condividono le loro foto sul nostro sito. <a href=\"https:\/\/www.instagram.com\/m.stickers.officiel\/?hl=fr\">Instagram<\/a> o <a href=\"https:\/\/www.facebook.com\/SuperMstickers\">Facebook<\/a>.<br \/>\nEcco anche alcune idee di design ispirate alle gamme del costruttore: GS Adventure, S1000 RR...<\/p>\n<p><img loading=\"lazy\" decoding=\"async\" class=\"alignnone wp-image-25197 size-full\" src=\"https:\/\/www.m-stickers.com\/wp-content\/uploads\/2022\/02\/M-sticker-_1_.webp\" alt=\"Decalcomanie cerchi moto BMW \" width=\"1640\" height=\"924\" srcset=\"https:\/\/www.m-stickers.com\/wp-content\/uploads\/2022\/02\/M-sticker-_1_.webp 1640w, https:\/\/www.m-stickers.com\/wp-content\/uploads\/2022\/02\/M-sticker-_1_-600x338.webp 600w, https:\/\/www.m-stickers.com\/wp-content\/uploads\/2022\/02\/M-sticker-_1_-300x169.webp 300w, https:\/\/www.m-stickers.com\/wp-content\/uploads\/2022\/02\/M-sticker-_1_-1024x577.webp 1024w, https:\/\/www.m-stickers.com\/wp-content\/uploads\/2022\/02\/M-sticker-_1_-768x433.webp 768w, https:\/\/www.m-stickers.com\/wp-content\/uploads\/2022\/02\/M-sticker-_1_-1536x865.webp 1536w\" sizes=\"(max-width: 1640px) 100vw, 1640px\" \/><\/p>\n<h2>Conclusione<\/h2>\n<p>Personalizza la tua BMW con adesivi di alta qualit\u00e0 francesi. \ud83c\uddeb\ud83c\uddf7<\/p>\n<p>Prodotti e spediti da Lione!<br \/>\nE se avete altre idee o una richiesta speciale, non esitate a contattarci e descriverci cosa desiderate.<\/p>\n<p>Inviateci le vostre foto una volta applicati gli adesivi \ud83d\ude09.<\/p>\n<p>&nbsp;<\/p>\n<p>&nbsp;<\/p>\n<p><img loading=\"lazy\" decoding=\"async\" class=\"alignnone size-full wp-image-25199\" src=\"https:\/\/www.m-stickers.com\/wp-content\/uploads\/2022\/02\/Capture-de\u0301cran-2022-02-28-a\u0300-18.19.37.webp\" alt=\"\" width=\"2260\" height=\"216\" srcset=\"https:\/\/www.m-stickers.com\/wp-content\/uploads\/2022\/02\/Capture-de\u0301cran-2022-02-28-a\u0300-18.19.37.webp 2260w, https:\/\/www.m-stickers.com\/wp-content\/uploads\/2022\/02\/Capture-de\u0301cran-2022-02-28-a\u0300-18.19.37-600x57.webp 600w, https:\/\/www.m-stickers.com\/wp-content\/uploads\/2022\/02\/Capture-de\u0301cran-2022-02-28-a\u0300-18.19.37-300x29.webp 300w, https:\/\/www.m-stickers.com\/wp-content\/uploads\/2022\/02\/Capture-de\u0301cran-2022-02-28-a\u0300-18.19.37-1024x98.webp 1024w, https:\/\/www.m-stickers.com\/wp-content\/uploads\/2022\/02\/Capture-de\u0301cran-2022-02-28-a\u0300-18.19.37-768x73.webp 768w, https:\/\/www.m-stickers.com\/wp-content\/uploads\/2022\/02\/Capture-de\u0301cran-2022-02-28-a\u0300-18.19.37-1536x147.webp 1536w, https:\/\/www.m-stickers.com\/wp-content\/uploads\/2022\/02\/Capture-de\u0301cran-2022-02-28-a\u0300-18.19.37-2048x196.webp 2048w\" sizes=\"(max-width: 2260px) 100vw, 2260px\" \/><\/p>","protected":false},"excerpt":{"rendered":"<p>Vous avez envie de personnaliser votre moto BMW ? Les stickers M-Stickers sont pour vous. BMW propose de nombreux styles de motos, de l&rsquo;Adventure \u00e0 l&rsquo;Heritage en passant par les mod\u00e8les Sportifs, tous ces mod\u00e8les ayant un design sp\u00e9cifique, il est confortable d&rsquo;avoir le choix parmi des stickers aux styles harmonieux. Les stickers jantes moto [&hellip;]<\/p>\n","protected":false},"author":446,"featured_media":25204,"comment_status":"open","ping_status":"open","sticky":false,"template":"","format":"standard","meta":{"footnotes":""},"categories":[379],"tags":[],"class_list":["post-25179","post","type-post","status-publish","format-standard","has-post-thumbnail","hentry","category-stickers-jante-moto","entry","has-media","owp-thumbs-layout-horizontal","owp-btn-big","owp-tabs-layout-horizontal","has-no-thumbnails"],"ase":null,"_links":{"self":[{"href":"https:\/\/www.m-stickers.com\/it\/wp-json\/wp\/v2\/posts\/25179","targetHints":{"allow":["GET"]}}],"collection":[{"href":"https:\/\/www.m-stickers.com\/it\/wp-json\/wp\/v2\/posts"}],"about":[{"href":"https:\/\/www.m-stickers.com\/it\/wp-json\/wp\/v2\/types\/post"}],"author":[{"embeddable":true,"href":"https:\/\/www.m-stickers.com\/it\/wp-json\/wp\/v2\/users\/446"}],"replies":[{"embeddable":true,"href":"https:\/\/www.m-stickers.com\/it\/wp-json\/wp\/v2\/comments?post=25179"}],"version-history":[{"count":0,"href":"https:\/\/www.m-stickers.com\/it\/wp-json\/wp\/v2\/posts\/25179\/revisions"}],"wp:featuredmedia":[{"embeddable":true,"href":"https:\/\/www.m-stickers.com\/it\/wp-json\/wp\/v2\/media\/25204"}],"wp:attachment":[{"href":"https:\/\/www.m-stickers.com\/it\/wp-json\/wp\/v2\/media?parent=25179"}],"wp:term":[{"taxonomy":"category","embeddable":true,"href":"https:\/\/www.m-stickers.com\/it\/wp-json\/wp\/v2\/categories?post=25179"},{"taxonomy":"post_tag","embeddable":true,"href":"https:\/\/www.m-stickers.com\/it\/wp-json\/wp\/v2\/tags?post=25179"}],"curies":[{"name":"Certo.","href":"https:\/\/api.w.org\/{rel}","templated":true}]}}