{"id":25179,"date":"2022-02-28T19:01:53","date_gmt":"2022-02-28T18:01:53","guid":{"rendered":"https:\/\/www.m-stickers.com\/?p=25179"},"modified":"2022-02-28T19:02:06","modified_gmt":"2022-02-28T18:02:06","slug":"stickers-velgen-motor-bmw","status":"publish","type":"post","link":"https:\/\/www.m-stickers.com\/nl\/2022\/02\/28\/stickers-jantes-moto-bmw\/","title":{"rendered":"Stickers velgen motor BMW: Vind de perfecte stickers"},"content":{"rendered":"<p>Vous avez envie de personnaliser votre<strong> motorfiets BMW<\/strong> ? Les stickers M-Stickers sont pour vous.<br \/>\nBMW propose de nombreux styles de motos, de l\u2019Adventure \u00e0 l\u2019Heritage en passant par les mod\u00e8les Sportifs, tous ces mod\u00e8les ayant un design sp\u00e9cifique, il est confortable d\u2019avoir le choix parmi des stickers aux styles harmonieux.<br \/>\nDe<strong> stickers jantes moto BMW M-Stickers<\/strong> zijn 100% aanpasbaar en zullen uw BMW-motorfietsmodellen verfraaien. \u270c\ufe0f\ud83c\udfcd\ufe0f<\/p>\n<p><!--more--><\/p>\n<p>Comment choisir son kit de stickers de jantes et pourquoi vous en avez besoin ?<img fetchpriority=\"high\" decoding=\"async\" class=\"wp-image-25204 aligncenter\" src=\"https:\/\/www.m-stickers.com\/wp-content\/uploads\/2022\/02\/png-clipart-bmw-motorrad-car-logo-bmw-logo-emblem-trademark-removebg-preview.webp\" alt=\"\" width=\"374\" height=\"213\" srcset=\"https:\/\/www.m-stickers.com\/wp-content\/uploads\/2022\/02\/png-clipart-bmw-motorrad-car-logo-bmw-logo-emblem-trademark-removebg-preview.webp 662w, https:\/\/www.m-stickers.com\/wp-content\/uploads\/2022\/02\/png-clipart-bmw-motorrad-car-logo-bmw-logo-emblem-trademark-removebg-preview-600x342.webp 600w, https:\/\/www.m-stickers.com\/wp-content\/uploads\/2022\/02\/png-clipart-bmw-motorrad-car-logo-bmw-logo-emblem-trademark-removebg-preview-300x171.webp 300w\" sizes=\"(max-width: 374px) 100vw, 374px\" \/><\/p>\n<p>&nbsp;<\/p>\n<h2>Stickers de jantes moto BMW<\/h2>\n<p>Vous aimez le classique ? Les kits de stickers de jantes moto <strong>BMW<\/strong> par mod\u00e8le sont faits pour vous.<br \/>\nCes kits sont pr\u00e9configur\u00e9s et vous pourrez changer leurs couleurs.<\/p>\n<p>Ils comprennent pour les deux jantes :<\/p>\n<ul>\n<li>Des <strong>bandjes<\/strong> pr\u00e9-courb\u00e9s de 8mm avec 8 petits stickers BMW et 8 petits stickers du mod\u00e8le,<\/li>\n<li>4 <strong>Velgen-stickers voor binnenzijde<\/strong> BMW,<\/li>\n<li>4 wielrandstickers voor het model<\/li>\n<li>1 <strong>Logo's<\/strong> BMW<\/li>\n<\/ul>\n<p>Si votre mod\u00e8le n\u2019est pas r\u00e9f\u00e9renc\u00e9, nous pouvons le cr\u00e9er sur demande <a href=\"https:\/\/www.m-stickers.com\/nl\/product\/de-moto-is-niet-gerefereerd\/\">ici\u00a0 \ud83d\udc48.<\/a><\/p>\n<p>Het is echter mogelijk om een stap verder te gaan met onze configurator, waarmee u kunt<strong> Personaliseer van A tot Z<\/strong> ce kit et en changer tous les \u00e9l\u00e9ments.<\/p>\n<p><img decoding=\"async\" class=\"alignnone wp-image-25181\" src=\"https:\/\/www.m-stickers.com\/wp-content\/uploads\/2022\/02\/Capture-de\u0301cran-2022-02-28-a\u0300-09.39.38.webp\" alt=\"stickers mstickers moto\" width=\"658\" height=\"354\" srcset=\"https:\/\/www.m-stickers.com\/wp-content\/uploads\/2022\/02\/Capture-de\u0301cran-2022-02-28-a\u0300-09.39.38.webp 2072w, https:\/\/www.m-stickers.com\/wp-content\/uploads\/2022\/02\/Capture-de\u0301cran-2022-02-28-a\u0300-09.39.38-600x322.webp 600w, https:\/\/www.m-stickers.com\/wp-content\/uploads\/2022\/02\/Capture-de\u0301cran-2022-02-28-a\u0300-09.39.38-300x161.webp 300w, https:\/\/www.m-stickers.com\/wp-content\/uploads\/2022\/02\/Capture-de\u0301cran-2022-02-28-a\u0300-09.39.38-1024x550.webp 1024w, https:\/\/www.m-stickers.com\/wp-content\/uploads\/2022\/02\/Capture-de\u0301cran-2022-02-28-a\u0300-09.39.38-768x412.webp 768w, https:\/\/www.m-stickers.com\/wp-content\/uploads\/2022\/02\/Capture-de\u0301cran-2022-02-28-a\u0300-09.39.38-1536x824.webp 1536w, https:\/\/www.m-stickers.com\/wp-content\/uploads\/2022\/02\/Capture-de\u0301cran-2022-02-28-a\u0300-09.39.38-2048x1099.webp 2048w\" sizes=\"(max-width: 658px) 100vw, 658px\" \/><\/p>\n<h2>Stickers 100% customs<\/h2>\n<p><img decoding=\"async\" class=\"alignleft wp-image-25183 size-full\" src=\"https:\/\/www.m-stickers.com\/wp-content\/uploads\/2022\/02\/Capture_d_e\u0301cran_2022-02-28_a\u0300_09.40.06-removebg-preview.webp\" alt=\"stickers jantes bmw moto\" width=\"435\" height=\"573\" srcset=\"https:\/\/www.m-stickers.com\/wp-content\/uploads\/2022\/02\/Capture_d_e\u0301cran_2022-02-28_a\u0300_09.40.06-removebg-preview.webp 435w, https:\/\/www.m-stickers.com\/wp-content\/uploads\/2022\/02\/Capture_d_e\u0301cran_2022-02-28_a\u0300_09.40.06-removebg-preview-228x300.webp 228w\" sizes=\"(max-width: 435px) 100vw, 435px\" \/><\/p>\n<p>&nbsp;<\/p>\n<p>Je kunt je eigen stickers personaliseren om je motor te pimpen. <strong>onderscheiden<\/strong> et d\u2019avoir la moto ultime.<\/p>\n<p>Onze configurator laat u een unieke kit samenstellen door individuele onderdelen te kiezen.<br \/>\nVerschillende velgstrips ontwerpen en kleuren kiezen is mogelijk. \ud83d\ude01<\/p>\n<p>Verschillende BMW velgstrips zijn beschikbaar en velglogo's voor de binnenkant zijn verkrijgbaar in verschillende stijlen.<br \/>\nPour aller plus loin et avoir un style vraiment diff\u00e9rent, les \u00ab\u00a0stickers suppl\u00e9mentaires\u00a0\u00bb d\u2019int\u00e9rieur de jantes compl\u00e9teront votre kit et apporteront un esth\u00e9tique tout particulier. Vous trouvez des designs camo, futuriste, electro, racing\u2026<\/p>\n<p><a href=\"https:\/\/www.m-stickers.com\/nl\/configurator\/configure\/7286\/\"><img loading=\"lazy\" decoding=\"async\" class=\"size-full wp-image-6380 aligncenter\" src=\"https:\/\/www.m-stickers.com\/wp-content\/uploads\/2021\/01\/bouton-configurator-3.png\" alt=\"\" width=\"413\" height=\"102\" srcset=\"https:\/\/www.m-stickers.com\/wp-content\/uploads\/2021\/01\/bouton-configurator-3.png 413w, https:\/\/www.m-stickers.com\/wp-content\/uploads\/2021\/01\/bouton-configurator-3-300x74.png 300w\" sizes=\"(max-width: 413px) 100vw, 413px\" \/><\/a><\/p>\n<p>&nbsp;<\/p>\n<p>&nbsp;<\/p>\n<p>&nbsp;<\/p>\n<p>&nbsp;<\/p>\n<p><img loading=\"lazy\" decoding=\"async\" class=\"alignnone wp-image-25182\" src=\"https:\/\/www.m-stickers.com\/wp-content\/uploads\/2022\/02\/Capture_d_e\u0301cran_2022-02-28_a\u0300_09.40.19-removebg-preview.webp\" alt=\"moto bmw stickers\" width=\"510\" height=\"348\" srcset=\"https:\/\/www.m-stickers.com\/wp-content\/uploads\/2022\/02\/Capture_d_e\u0301cran_2022-02-28_a\u0300_09.40.19-removebg-preview.webp 605w, https:\/\/www.m-stickers.com\/wp-content\/uploads\/2022\/02\/Capture_d_e\u0301cran_2022-02-28_a\u0300_09.40.19-removebg-preview-600x410.webp 600w, https:\/\/www.m-stickers.com\/wp-content\/uploads\/2022\/02\/Capture_d_e\u0301cran_2022-02-28_a\u0300_09.40.19-removebg-preview-300x205.webp 300w\" sizes=\"(max-width: 510px) 100vw, 510px\" \/><\/p>\n<h4>De effecten<\/h4>\n<p>Nos stickers sont con\u00e7us avec l\u2019effet <strong>glanzend<\/strong>U kunt echter een extra optie kiezen om het aan te passen aan de gewenste stijl.<br \/>\nNous proposons les effets :<\/p>\n<ul>\n<li>Mat<\/li>\n<li>(Op het wit) holografisch<\/li>\n<li>Fotoluminescerend (op wit)<\/li>\n<li>R\u00e9tror\u00e9flechissant (sur tout le kit),<\/li>\n<li>Fluorescent (<em> Jaune, Orange, Rouge, Rose et Vert )<\/em><\/li>\n<\/ul>\n<p>Ces effets ont leur rendu sp\u00e9cifique, l\u2019effet <strong>mat<\/strong> est anti-reflet et est \u00e9l\u00e9gant, l\u2019effet <strong>holografisch<\/strong> apporte un style m\u00e9tallique, le <strong>fotoluminescerend<\/strong> Absorbeerd licht en geeft dit weer in het donker gedurende 30 tot 60 minuten, afhankelijk van de blootstelling.<br \/>\nHet effect <strong>reflecterend<\/strong> heeft hetzelfde principe als verkeersborden en reflecteert licht in zijn richting, dit is een ideaal effect voor de nacht om goed zichtbaar te zijn en voor meer <strong>Veiligheid<\/strong>Meer excuses van de automobilisten! \ud83d\udc4c\ud83d\ude97<\/p>\n<p><img decoding=\"async\" src=\"https:\/\/media0.giphy.com\/media\/48P651WInEOpMu7mAT\/giphy.gif?cid=ecf05e476igvzrw8q0i6q5oq132v25qk5np0bx3a2uwxo7np&amp;rid=giphy.gif&amp;ct=g\" alt=\"Leuke rit GIF door BMW Motorrad\" \/><\/p>\n<p>&nbsp;<\/p>\n<h4>De tekst wijzigen<\/h4>\n<p>Les kits personnalisables sont con\u00e7us tel que la marque de la moto ainsi que son mod\u00e8le soit \u00e9crit sur les stickers, cependant vous pouvez choisir l\u2019option texte qui permet de<strong> changer le contenu des stickers<\/strong>, wat betekent dat u \u00abBMW\u00bb en\/of het model kunt vervangen door de tekst van uw keuze.<br \/>\nDit kan een naam zijn, een teamnaam, enz.<\/p>\n<p><img loading=\"lazy\" decoding=\"async\" class=\"alignnone wp-image-25188\" src=\"https:\/\/www.m-stickers.com\/wp-content\/uploads\/2022\/02\/Capture-de\u0301cran-2022-02-28-a\u0300-11.43.08.webp\" alt=\"\" width=\"352\" height=\"207\" srcset=\"https:\/\/www.m-stickers.com\/wp-content\/uploads\/2022\/02\/Capture-de\u0301cran-2022-02-28-a\u0300-11.43.08.webp 520w, https:\/\/www.m-stickers.com\/wp-content\/uploads\/2022\/02\/Capture-de\u0301cran-2022-02-28-a\u0300-11.43.08-300x177.webp 300w\" sizes=\"(max-width: 352px) 100vw, 352px\" \/><\/p>\n<h4>Specifieke kleur<\/h4>\n<p>Nous vous proposons des couleurs de base, ce sont d\u2019ailleurs les couleurs \u00e0 s\u00e9lectionner pour l\u2019effet fluo.<br \/>\nEchter, als u een bepaalde kleur wilt, de kleur van een uitrusting, van uw huisstijl of de exacte tint van de stroomlijnkuip van uw motor, kunt u de kleurcode invoeren in de bestelopmerking nadat u de optie \u00ab\" heeft gekozen\u00ab\u00a0<strong>Specifieke kleur<\/strong>\u00ab\u00a0.<\/p>\n<p>&nbsp;<\/p>\n<h2>Op maat<\/h2>\n<p>Heeft u een specifiek idee en komen de configuratieopties niet aan uw wensen tegemoet?  Dan kunnen we samen het decoratieve kit voor uw moto-velgen BMW ontwerpen.<br \/>\n<a href=\"https:\/\/www.m-stickers.com\/nl\/contact\/\">Ecrivez nous<\/a> et d\u00e9crivez ce que vous voulez, vous pouvez ajouter des images ou des photos si vous avez des r\u00e9f\u00e9rences d\u2019id\u00e9es.<\/p>\n<p>De <strong>Op maat gemaakte creatie<\/strong> vous garanti d\u2019avoir un kit unique.<br \/>\nNous pouvons aussi cr\u00e9er un kit d\u00e9co complet si vous souhaitez changer totalement le style de votre b\u00e9cane.<\/p>\n<h2>Stickers de jantes moto bmw \u2013 Les r\u00e9seaux sociaux<\/h2>\n<p>Les stickers de r\u00e9seaux sociaux sont disponibles sur notre site et personnalisables.<\/p>\n<ul>\n<li>Taille,<\/li>\n<li>Kleur<\/li>\n<li>Design du logo,<\/li>\n<li>Politie<\/li>\n<li>Texte.<\/li>\n<\/ul>\n<p>Ideaal voor liefhebbers <strong>van Instagram<\/strong>...De <strong>Socialemediaplakaten<\/strong> Zij kunnen reclame maken voor je en je abonnees opleveren, of je online terugvindbaar maken na bijvoorbeeld motorrijders-evenementen.<br \/>\nVous pouvez aussi les coller sur d\u2019autres supports tel que votre mat\u00e9riel de stand ou bien votre voiture.<\/p>\n<p>Buiten sociale netwerken als Instagram, TikTok... bieden wij stickers aan <strong>Youtube<\/strong> afin de promouvoir votre chaine.<\/p>\n<p><img loading=\"lazy\" decoding=\"async\" class=\"alignnone wp-image-19038\" src=\"https:\/\/www.m-stickers.com\/wp-content\/uploads\/2021\/10\/Facebook.webp\" alt=\"\" width=\"257\" height=\"171\" srcset=\"https:\/\/www.m-stickers.com\/wp-content\/uploads\/2021\/10\/Facebook.webp 600w, https:\/\/www.m-stickers.com\/wp-content\/uploads\/2021\/10\/Facebook-300x200.webp 300w\" sizes=\"(max-width: 257px) 100vw, 257px\" \/><img loading=\"lazy\" decoding=\"async\" class=\"alignnone wp-image-16377\" src=\"https:\/\/www.m-stickers.com\/wp-content\/uploads\/2021\/07\/insta.webp\" alt=\"\" width=\"266\" height=\"177\" srcset=\"https:\/\/www.m-stickers.com\/wp-content\/uploads\/2021\/07\/insta.webp 600w, https:\/\/www.m-stickers.com\/wp-content\/uploads\/2021\/07\/insta-300x200.webp 300w\" sizes=\"(max-width: 266px) 100vw, 266px\" \/><img loading=\"lazy\" decoding=\"async\" class=\"alignnone wp-image-19056\" src=\"https:\/\/www.m-stickers.com\/wp-content\/uploads\/2021\/10\/Youtube.webp\" alt=\"\" width=\"270\" height=\"180\" srcset=\"https:\/\/www.m-stickers.com\/wp-content\/uploads\/2021\/10\/Youtube.webp 600w, https:\/\/www.m-stickers.com\/wp-content\/uploads\/2021\/10\/Youtube-300x200.webp 300w\" sizes=\"(max-width: 270px) 100vw, 270px\" \/><\/p>\n<h2>Comment poser ses stickers de jantes moto BMW ?<\/h2>\n<p>Voor <strong>poser<\/strong> les stickers de jantes nous avons pr\u00e9par\u00e9 des <strong>tutos<\/strong>. Rien de sorcier ou de compliqu\u00e9, il faut juste un peu de patience.<br \/>\nU kunt onze <a href=\"https:\/\/www.youtube.com\/watch?v=1AJhkFaZIsk&amp;feature=emb_title\">vid\u00e9o youtube<\/a> ou bien lire notre <a href=\"https:\/\/www.m-stickers.com\/nl\/hoe-plak-je-bandenstickers-op-je-motor\/\">article illustr\u00e9<\/a>. Ceux-ci vous aideront lors des \u00e9tapes.<br \/>\nLes articles pr\u00e9cisent l<strong>\u2018importance capitale du nettoyage<\/strong> van de voorste velg voor montage. Inderdaad, de hechting van de lijm aan het oppervlak wordt be\u00efnvloed door de netheid van de velg.<\/p>\n<p><a href=\"https:\/\/www.m-stickers.com\/nl\/hoe-plak-je-bandenstickers-op-je-motor\/\"><img loading=\"lazy\" decoding=\"async\" class=\"wp-image-6382 aligncenter\" src=\"https:\/\/www.m-stickers.com\/wp-content\/uploads\/2021\/01\/bouton-tuto.png\" alt=\"\" width=\"333\" height=\"83\" srcset=\"https:\/\/www.m-stickers.com\/wp-content\/uploads\/2021\/01\/bouton-tuto.png 413w, https:\/\/www.m-stickers.com\/wp-content\/uploads\/2021\/01\/bouton-tuto-300x74.png 300w\" sizes=\"(max-width: 333px) 100vw, 333px\" \/><\/a><br \/>\nSi vous \u00eates bricoleurs, vous savez qu\u2019il ne faut pas coller ou peindre quelque chose sans pr\u00e9parer le support, cela va de m\u00eame avec les stickers de jantes.<\/p>\n<p>Vous aurez besoin de mat\u00e9riel classique pour la pr\u00e9paration, d\u00e9graissant, chiffon, <a href=\"https:\/\/www.m-stickers.com\/nl\/product\/raclette-de-pose-translates-to-opzetraclaat-in-dutch\/\">Raclette<\/a>, schaar, plakband en een heteluchtpistool of haardroger.<br \/>\nNa de plaatsing kunt u even de afwerkingen aandacht geven door de stickers te verwarmen en te krabben. Dit helpt om luchtbellen of vouwen te verwijderen.<\/p>\n<h2>Pourquoi les stickers de jantes moto BMW peuvent m\u2019aider \u00e0 vendre ma moto ?<\/h2>\n<p>Les stickers de jantes aident \u00e0 sublimer le style des motos ou \u00e0 moderniser et donner un coup de neuf \u00e0 un mod\u00e8le plus ancien.<br \/>\nCela aide ainsi \u00e0 la vente de votre b\u00e9cane. Pourquoi ? Tout simplement parce qu\u2019ils font se d\u00e9marquer. Vous pouvez utiliser une photo de vos jantes pour capter l\u2019attention et avoir plus de clics sur votre annonce.<br \/>\nMeer files leidt tot snellere verkoop.<\/p>\n<p>Afhankelijk van het model heeft u waarschijnlijk een overvloed aan aanbiedingen op de markt opgemerkt, dus het is relevant om een originele motorfiets te hebben.<br \/>\nLes kits de stickers de jantes boostent les ventes.<\/p>\n<p><img loading=\"lazy\" decoding=\"async\" class=\"alignnone wp-image-25185\" src=\"https:\/\/www.m-stickers.com\/wp-content\/uploads\/2022\/02\/Capture_d_e\u0301cran_2022-02-28_a\u0300_09.43.28-removebg-preview.webp\" alt=\"stickers personnalis\u00e9s jantes moto bmw\" width=\"338\" height=\"377\" srcset=\"https:\/\/www.m-stickers.com\/wp-content\/uploads\/2022\/02\/Capture_d_e\u0301cran_2022-02-28_a\u0300_09.43.28-removebg-preview.webp 473w, https:\/\/www.m-stickers.com\/wp-content\/uploads\/2022\/02\/Capture_d_e\u0301cran_2022-02-28_a\u0300_09.43.28-removebg-preview-269x300.webp 269w\" sizes=\"(max-width: 338px) 100vw, 338px\" \/><\/p>\n<p>&nbsp;<\/p>\n<h2>Inspiratie stickers motorfiets velgen BMW<\/h2>\n<p>Onze vooraf geconfigureerde stickersets bieden u een basis voor het aanpassen van uw motor, u kunt ook een kijkje nemen bij de stickers op motoren van klanten die hun foto's delen op onze site. <a href=\"https:\/\/www.instagram.com\/m.stickers.officiel\/?hl=fr\">Instagram<\/a> of <a href=\"https:\/\/www.facebook.com\/SuperMstickers\">Facebook<\/a>.<br \/>\nHier zijn ook enkele ontwerpidee\u00ebn ge\u00efnspireerd op de modellen van de fabrikant: GS Adventure, S1000 RR...<\/p>\n<p><img loading=\"lazy\" decoding=\"async\" class=\"alignnone wp-image-25197 size-full\" src=\"https:\/\/www.m-stickers.com\/wp-content\/uploads\/2022\/02\/M-sticker-_1_.webp\" alt=\"Stickers velgen motor BMW \" width=\"1640\" height=\"924\" srcset=\"https:\/\/www.m-stickers.com\/wp-content\/uploads\/2022\/02\/M-sticker-_1_.webp 1640w, https:\/\/www.m-stickers.com\/wp-content\/uploads\/2022\/02\/M-sticker-_1_-600x338.webp 600w, https:\/\/www.m-stickers.com\/wp-content\/uploads\/2022\/02\/M-sticker-_1_-300x169.webp 300w, https:\/\/www.m-stickers.com\/wp-content\/uploads\/2022\/02\/M-sticker-_1_-1024x577.webp 1024w, https:\/\/www.m-stickers.com\/wp-content\/uploads\/2022\/02\/M-sticker-_1_-768x433.webp 768w, https:\/\/www.m-stickers.com\/wp-content\/uploads\/2022\/02\/M-sticker-_1_-1536x865.webp 1536w\" sizes=\"(max-width: 1640px) 100vw, 1640px\" \/><\/p>\n<h2>Conclusie<\/h2>\n<p>Personnalisez votre BMW avec des stickers de top qualit\u00e9 Fran\u00e7aise. \ud83c\uddeb\ud83c\uddf7<\/p>\n<p>Confectionn\u00e9s et envoy\u00e9s de Lyon !<br \/>\nEt si vous avez d\u2019autres id\u00e9es ou une demande sp\u00e9ciale, n\u2019h\u00e9sitez pas \u00e0 nous contacter et \u00e0 nous d\u00e9crire ce que vous voulez.<\/p>\n<p>Stuur ons je foto's zodra de stickers bevestigd zijn \ud83d\ude09.<\/p>\n<p>&nbsp;<\/p>\n<p>&nbsp;<\/p>\n<p><img loading=\"lazy\" decoding=\"async\" class=\"alignnone size-full wp-image-25199\" src=\"https:\/\/www.m-stickers.com\/wp-content\/uploads\/2022\/02\/Capture-de\u0301cran-2022-02-28-a\u0300-18.19.37.webp\" alt=\"\" width=\"2260\" height=\"216\" srcset=\"https:\/\/www.m-stickers.com\/wp-content\/uploads\/2022\/02\/Capture-de\u0301cran-2022-02-28-a\u0300-18.19.37.webp 2260w, https:\/\/www.m-stickers.com\/wp-content\/uploads\/2022\/02\/Capture-de\u0301cran-2022-02-28-a\u0300-18.19.37-600x57.webp 600w, https:\/\/www.m-stickers.com\/wp-content\/uploads\/2022\/02\/Capture-de\u0301cran-2022-02-28-a\u0300-18.19.37-300x29.webp 300w, https:\/\/www.m-stickers.com\/wp-content\/uploads\/2022\/02\/Capture-de\u0301cran-2022-02-28-a\u0300-18.19.37-1024x98.webp 1024w, https:\/\/www.m-stickers.com\/wp-content\/uploads\/2022\/02\/Capture-de\u0301cran-2022-02-28-a\u0300-18.19.37-768x73.webp 768w, https:\/\/www.m-stickers.com\/wp-content\/uploads\/2022\/02\/Capture-de\u0301cran-2022-02-28-a\u0300-18.19.37-1536x147.webp 1536w, https:\/\/www.m-stickers.com\/wp-content\/uploads\/2022\/02\/Capture-de\u0301cran-2022-02-28-a\u0300-18.19.37-2048x196.webp 2048w\" sizes=\"(max-width: 2260px) 100vw, 2260px\" \/><\/p>","protected":false},"excerpt":{"rendered":"<p>Vous avez envie de personnaliser votre moto BMW ? Les stickers M-Stickers sont pour vous. BMW propose de nombreux styles de motos, de l&rsquo;Adventure \u00e0 l&rsquo;Heritage en passant par les mod\u00e8les Sportifs, tous ces mod\u00e8les ayant un design sp\u00e9cifique, il est confortable d&rsquo;avoir le choix parmi des stickers aux styles harmonieux. Les stickers jantes moto [&hellip;]<\/p>\n","protected":false},"author":446,"featured_media":25204,"comment_status":"open","ping_status":"open","sticky":false,"template":"","format":"standard","meta":{"footnotes":""},"categories":[379],"tags":[],"class_list":["post-25179","post","type-post","status-publish","format-standard","has-post-thumbnail","hentry","category-stickers-jante-moto","entry","has-media","owp-thumbs-layout-horizontal","owp-btn-big","owp-tabs-layout-horizontal","has-no-thumbnails"],"ase":null,"_links":{"self":[{"href":"https:\/\/www.m-stickers.com\/nl\/wp-json\/wp\/v2\/posts\/25179","targetHints":{"allow":["GET"]}}],"collection":[{"href":"https:\/\/www.m-stickers.com\/nl\/wp-json\/wp\/v2\/posts"}],"about":[{"href":"https:\/\/www.m-stickers.com\/nl\/wp-json\/wp\/v2\/types\/post"}],"author":[{"embeddable":true,"href":"https:\/\/www.m-stickers.com\/nl\/wp-json\/wp\/v2\/users\/446"}],"replies":[{"embeddable":true,"href":"https:\/\/www.m-stickers.com\/nl\/wp-json\/wp\/v2\/comments?post=25179"}],"version-history":[{"count":0,"href":"https:\/\/www.m-stickers.com\/nl\/wp-json\/wp\/v2\/posts\/25179\/revisions"}],"wp:featuredmedia":[{"embeddable":true,"href":"https:\/\/www.m-stickers.com\/nl\/wp-json\/wp\/v2\/media\/25204"}],"wp:attachment":[{"href":"https:\/\/www.m-stickers.com\/nl\/wp-json\/wp\/v2\/media?parent=25179"}],"wp:term":[{"taxonomy":"category","embeddable":true,"href":"https:\/\/www.m-stickers.com\/nl\/wp-json\/wp\/v2\/categories?post=25179"},{"taxonomy":"post_tag","embeddable":true,"href":"https:\/\/www.m-stickers.com\/nl\/wp-json\/wp\/v2\/tags?post=25179"}],"curies":[{"name":"motorfiets","href":"https:\/\/api.w.org\/{rel}","templated":true}]}}